{"id":2396,"date":"2021-07-12T10:53:29","date_gmt":"2021-07-12T14:53:29","guid":{"rendered":"https:\/\/www.chiledoc.cl\/en\/?p=2396"},"modified":"2021-07-13T10:25:02","modified_gmt":"2021-07-13T14:25:02","slug":"five-chilean-animated-features-will-take-center-stage-at-the-cannes-film-market","status":"publish","type":"post","link":"https:\/\/www.chiledoc.cl\/en\/five-chilean-animated-features-will-take-center-stage-at-the-cannes-film-market\/","title":{"rendered":"Five Chilean Animated Features Will Take Center Stage At The Cannes Film Market"},"content":{"rendered":"<p>By <a href=\"https:\/\/www.cartoonbrew.com\/sponsored-by-chiledoc\/five-chilean-animated-features-will-take-center-stage-at-the-cannes-film-market-206771.html\" rel=\"noopener noreferrer\" target=\"_blank\">Cartoon Brew<\/a><br \/>\nJULY 7, 2021<\/p>\n<p><strong>This weekend at the March\u00e9 du Film, the market counterpart of Cannes Film Festival, Chile will present five animated films in search of partners. For a country that has barely released a dozen animated features in its entire history, this is a watershed.<\/strong><\/p>\n<p>The five features will be presented on Saturday, July 10 as part of the market\u2019s Animation Days segment. They vary widely in themes, tone, and technique, ranging from 2d to cgi, and road-trip comedies to wartime dramas. Yet the stories are all steeped in the country of their origin, depicting the history, politics, traditions, and landscapes of Chile.<\/p>\n<p>This slate of confidently local animation IP shows how far Chilean animation has come in the last two decades. In that time, films and series from the country, such as Paper Port and Nahuel and the Magical Book, have earned plaudits around the world; the short film Bear Story even took home an Oscar. Studios have proliferated \u2014 chiefly in 2d, but increasingly in cgi and stop motion too \u2014 as have educational opportunities.<\/p>\n<p>As Cristi\u00e1n Freire, coordinator for the Chilean Animation delegation at Cannes 2021, tells Cartoon Brew, \u201cIn the last ten years, the quantity and quality of Chilean [animation] studios has grown enormously, with better prepared artists in the discipline, access to technological tools, and institutional support.\u201d<\/p>\n<p>This growth is buttressed by a three-pronged state funding system. The economic development agency CORFO supports series and features in their early stages. CNTV, the agency that oversees tv services, invests in many animated series. Finally, the Audiovisual Fund of the Ministry of Cultures, Arts and Heritage covers all stages of the development and production of animated features, shorts, and webseries. All features at the March\u00e9 du Film benefited from it.<\/p>\n<p>Yet the cost of animation production is such that local money alone can\u2019t necessarily cover a full feature. Two of the films below are currently set up as international co-productions, and this model is likely to endure. \u201cI would say that with new co-production agreements with countries around the world,\u201d says Freire, \u201cthe chances of obtaining foreign funds and, of course, talent will become a common practice in all types of productions, not only in feature films.\u201d<\/p>\n<p>Freire stresses the importance of features to Chile\u2019s long-term animation strategy. Productions help develop the industry, of course, but features also \u201coften have artistic, cultural, and social goals that are important to our society.\u201d The projects heading to Cannes certainly promise to provide this kind of value.<\/p>\n<p>Read on for details of the five films that will feature at Animation Days:<\/p>\n<p><strong>Underground Stories (Historias Clandestinas)<\/strong><br \/>\n<strong>Year of production:<\/strong> 2023<br \/>\n<strong>Format:<\/strong> Animation and live action 2k<br \/>\n<strong>Duration: <\/strong>90 min<br \/>\n<strong>Countries:<\/strong> Chile, Sweden<br \/>\n<strong>Director:<\/strong> Jos\u00e9 Mar\u00eda Gonz\u00e1lez<br \/>\n<strong>Producers:<\/strong> Catalina Donoso, Patricio Ochoa, Kamila Velich<br \/>\n<strong>Production companies:<\/strong> Cusicanqui &#038; Ni\u00f1o Viejo (Chile) in co-production with Laika Film &#038; Television (Sweden)<br \/>\n<strong>Website:<\/strong> <a href=\"http:\/\/www.cusicanquifilms.cl\" rel=\"noopener noreferrer\" target=\"_blank\">www.cusicanquifilms.cl<\/a><br \/>\n<strong>Stage:<\/strong> late development\/pre-production<br \/>\n<strong><br \/>\nSynopsis:<\/strong> Franco Franco is a teenager who only interacts with Siri, the virtual assistant on his computer. To get closer to him, his father Ariel starts reading him a graphic novel he wrote some time ago. It tells the story of Ariel\u2019s experiences as a child during Pinochet\u2019s dictatorship, and about how his parents decided to hide two of the military regime\u2019s most wanted people for ten years.<\/p>\n<p><img decoding=\"async\" loading=\"lazy\" src=\"https:\/\/www.chiledoc.cl\/en\/wp-content\/uploads\/2021\/07\/HC3_ok-Leonardo-Beltran-scaled.jpeg\" alt=\"\" width=\"2560\" height=\"1440\" class=\"alignnone size-full wp-image-2397\" srcset=\"https:\/\/www.chiledoc.cl\/en\/wp-content\/uploads\/2021\/07\/HC3_ok-Leonardo-Beltran-scaled.jpeg 2560w, https:\/\/www.chiledoc.cl\/en\/wp-content\/uploads\/2021\/07\/HC3_ok-Leonardo-Beltran-300x169.jpeg 300w, https:\/\/www.chiledoc.cl\/en\/wp-content\/uploads\/2021\/07\/HC3_ok-Leonardo-Beltran-1024x576.jpeg 1024w, https:\/\/www.chiledoc.cl\/en\/wp-content\/uploads\/2021\/07\/HC3_ok-Leonardo-Beltran-768x432.jpeg 768w, https:\/\/www.chiledoc.cl\/en\/wp-content\/uploads\/2021\/07\/HC3_ok-Leonardo-Beltran-1536x864.jpeg 1536w, https:\/\/www.chiledoc.cl\/en\/wp-content\/uploads\/2021\/07\/HC3_ok-Leonardo-Beltran-2048x1152.jpeg 2048w\" sizes=\"(max-width: 2560px) 100vw, 2560px\" \/><\/p>\n<p><strong>Devil\u2019s Vein (La Veta del Diablo)<\/strong><br \/>\n<strong>Year of production:<\/strong> 2024<br \/>\n<strong>Format:<\/strong> 2k<br \/>\n<strong>Duration:<\/strong> 90 min\u2028<br \/>\n<strong>Country:<\/strong> Chile\u2028<br \/>\n<strong>Director:<\/strong> Germ\u00e1n Acu\u00f1a\u2028<br \/>\n<strong>Producer:<\/strong> Sebastian Ruz\u2028<br \/>\n<strong>Production company:<\/strong> Carburadores<br \/>\n<strong>Website:<\/strong> <a href=\"http:\/\/www.carburadores.tv\" rel=\"noopener noreferrer\" target=\"_blank\">www.carburadores.tv<\/a><strong><br \/>\nStage:<\/strong> pre-production<\/p>\n<p><strong>Synopsis:<\/strong> At the height of the mining boom of the 1920s in the Atacama desert, Mercedes, a humble 16-year-old girl, decides to steal a mysterious piece of gold. She hopes to use it to help her brother, who has gotten in trouble with the real owner of the gold: the devil under the desert.<\/p>\n<p><img decoding=\"async\" loading=\"lazy\" src=\"https:\/\/www.chiledoc.cl\/en\/wp-content\/uploads\/2021\/07\/DEVILSVEIN.png\" alt=\"\" width=\"2980\" height=\"3504\" class=\"alignnone size-full wp-image-2399\" srcset=\"https:\/\/www.chiledoc.cl\/en\/wp-content\/uploads\/2021\/07\/DEVILSVEIN.png 2980w, https:\/\/www.chiledoc.cl\/en\/wp-content\/uploads\/2021\/07\/DEVILSVEIN-255x300.png 255w, https:\/\/www.chiledoc.cl\/en\/wp-content\/uploads\/2021\/07\/DEVILSVEIN-871x1024.png 871w, https:\/\/www.chiledoc.cl\/en\/wp-content\/uploads\/2021\/07\/DEVILSVEIN-768x903.png 768w, https:\/\/www.chiledoc.cl\/en\/wp-content\/uploads\/2021\/07\/DEVILSVEIN-1306x1536.png 1306w, https:\/\/www.chiledoc.cl\/en\/wp-content\/uploads\/2021\/07\/DEVILSVEIN-1742x2048.png 1742w\" sizes=\"(max-width: 2980px) 100vw, 2980px\" \/><\/p>\n<p><strong>Grandpa Miguel (Tata Miguel)<\/strong><br \/>\n<strong>Year of production:<\/strong> 2021<br \/>\n<strong>Format:<\/strong> 4k<br \/>\n<strong>Duration:<\/strong> 80 min<br \/>\n<strong>Country:<\/strong> Chile<br \/>\n<strong>Director:<\/strong> Tomas Montalva<br \/>\n<strong>Producer:<\/strong> Cecilia Baeriswyl<br \/>\n<strong>Production company:<\/strong> Llolleo Creativo<br \/>\n<strong>Website:<\/strong> <a href=\"http:\/\/www.osobucoanimacion.cl\" rel=\"noopener noreferrer\" target=\"_blank\">www.osobucoanimacion.cl<\/a><br \/>\n<strong>State: <\/strong>pre-production<\/p>\n<p><strong>Synopsis:<\/strong> Grandpa Miguel makes the last trip of his life in search of his youthful love with the help of his eight-year-old granddaughter, whom he just met. Grandpa Miguel teaches her on this trip that an adventure can\u2019t wait!<\/p>\n<p><iframe loading=\"lazy\" title=\"GRANDPA MIGUEL Trailer\" width=\"500\" height=\"281\" src=\"https:\/\/www.youtube.com\/embed\/xuZL6WMzxlc?feature=oembed\" frameborder=\"0\" allow=\"accelerometer; autoplay; clipboard-write; encrypted-media; gyroscope; picture-in-picture\" allowfullscreen><\/iframe><\/p>\n<p><strong>Uky &#038; Lola in the Land of Fire (Uky &#038; Lola en Tierra del Fuego)<\/strong><br \/>\n<strong>Year of production:<\/strong> 2021<br \/>\n<strong>Format: <\/strong>2k<br \/>\n<strong>Duration:<\/strong> 90 min<br \/>\n<strong>Country: <\/strong>Chile<br \/>\n<strong>Director:<\/strong> Fabi\u00e1n Andrade<br \/>\n<strong>Producer:<\/strong> Sim\u00f3n Barrionuevo<br \/>\n<strong>Production company:<\/strong> Wild Bunch Studio<br \/>\n<strong>Website:<\/strong><a href=\"https:\/\/vimeo.com\/wildbunchstudio\" rel=\"noopener noreferrer\" target=\"_blank\"> https:\/\/vimeo.com\/wildbunchstudio<\/a><\/p>\n<p><strong>Synopsis: <\/strong>Uky, an impetuous and young Selk\u2019nam, and Lola, a Shaman apprentice, must save their people from the evil sheep farmers who are trying to enslave them and usurp the land. Uky and Lola must work together to learn how to channel the magic of the spirits, re-establish the balance in the Karukinka, and solve the eternal dispute between the Sun and the Moon.<\/p>\n<p><img decoding=\"async\" loading=\"lazy\" src=\"https:\/\/www.chiledoc.cl\/en\/wp-content\/uploads\/2021\/07\/Uky-and-Lola.png\" alt=\"\" width=\"681\" height=\"383\" class=\"alignnone size-full wp-image-2338\" srcset=\"https:\/\/www.chiledoc.cl\/en\/wp-content\/uploads\/2021\/07\/Uky-and-Lola.png 681w, https:\/\/www.chiledoc.cl\/en\/wp-content\/uploads\/2021\/07\/Uky-and-Lola-300x169.png 300w\" sizes=\"(max-width: 681px) 100vw, 681px\" \/><\/p>\n<p><strong>Winnipeg Seeds of Hope (Winnipeg el Barco de la Esperanza)<\/strong><br \/>\n<strong>Year of production:<\/strong> 2023<br \/>\n<strong>Format:<\/strong> 4k<br \/>\n<strong>Duration:<\/strong> 80 min<br \/>\n<strong>Countries:<\/strong> Chile, Spain<br \/>\n<strong>Directors:<\/strong> Elio Quiroga, Be\u00f1at Beitia<br \/>\n<strong>Producers:<\/strong> Antoni Marin, Ricardo Ramon, Marianne Mayer-Beckh<br \/>\n<strong>Production companies:<\/strong> La Ballesta, Dibulitoon, El Otro Film<br \/>\n<strong>Distributors:<\/strong> La Distribucion (Chile), Barton Films (Spain)<\/p>\n<p><strong>Synopsis:<\/strong> Victor, a widowed father, left Barcelona in 1939 with his little daughter Julia. In France, concentration camps and hardships awaits them. But there is a chance to escape aboard the Winnipeg, a ship which the poet Pablo Neruda and the Quakers in Paris have chartered to take more than 2,000 people safely to a new destination: Valparaiso, Chile, where a new life is possible.<\/p>\n<p><iframe loading=\"lazy\" title=\"WINNIPEG SEEDS OF HOPE Trailer\" width=\"500\" height=\"281\" src=\"https:\/\/www.youtube.com\/embed\/Z9e_JfuKNvk?feature=oembed\" frameborder=\"0\" allow=\"accelerometer; autoplay; clipboard-write; encrypted-media; gyroscope; picture-in-picture\" allowfullscreen><\/iframe><\/p>\n","protected":false},"excerpt":{"rendered":"<p>By Cartoon Brew JULY 7, 2021 This weekend at the March\u00e9 du Film, the market counterpart of Cannes Film Festival, Chile will present five animated films in search of partners. For a country that has barely released a dozen animated features in its entire history, this is a watershed. The five features will be presented [&hellip;]<\/p>\n","protected":false},"author":4,"featured_media":0,"comment_status":"closed","ping_status":"open","sticky":false,"template":"","format":"standard","meta":[],"categories":[1],"tags":[],"acf":[],"_links":{"self":[{"href":"https:\/\/www.chiledoc.cl\/en\/wp-json\/wp\/v2\/posts\/2396"}],"collection":[{"href":"https:\/\/www.chiledoc.cl\/en\/wp-json\/wp\/v2\/posts"}],"about":[{"href":"https:\/\/www.chiledoc.cl\/en\/wp-json\/wp\/v2\/types\/post"}],"author":[{"embeddable":true,"href":"https:\/\/www.chiledoc.cl\/en\/wp-json\/wp\/v2\/users\/4"}],"replies":[{"embeddable":true,"href":"https:\/\/www.chiledoc.cl\/en\/wp-json\/wp\/v2\/comments?post=2396"}],"version-history":[{"count":6,"href":"https:\/\/www.chiledoc.cl\/en\/wp-json\/wp\/v2\/posts\/2396\/revisions"}],"predecessor-version":[{"id":2414,"href":"https:\/\/www.chiledoc.cl\/en\/wp-json\/wp\/v2\/posts\/2396\/revisions\/2414"}],"wp:attachment":[{"href":"https:\/\/www.chiledoc.cl\/en\/wp-json\/wp\/v2\/media?parent=2396"}],"wp:term":[{"taxonomy":"category","embeddable":true,"href":"https:\/\/www.chiledoc.cl\/en\/wp-json\/wp\/v2\/categories?post=2396"},{"taxonomy":"post_tag","embeddable":true,"href":"https:\/\/www.chiledoc.cl\/en\/wp-json\/wp\/v2\/tags?post=2396"}],"curies":[{"name":"wp","href":"https:\/\/api.w.org\/{rel}","templated":true}]}}