{"id":2576,"date":"2021-09-27T14:25:44","date_gmt":"2021-09-27T17:25:44","guid":{"rendered":"https:\/\/www.chiledoc.cl\/en\/?p=2576"},"modified":"2021-09-27T14:26:11","modified_gmt":"2021-09-27T17:26:11","slug":"chilean-documentaries-take-over-guadalajara-fic","status":"publish","type":"post","link":"https:\/\/www.chiledoc.cl\/en\/chilean-documentaries-take-over-guadalajara-fic\/","title":{"rendered":"Chilean documentaries take over Guadalajara FIC"},"content":{"rendered":"<p><strong>\u2022 Two documentaries and four documentary projects are part of this years\u2019 version of the Guadalajara Film Festival and its Industry FICG section. The event will be taking place between October 1st to 9th, 2021, in Mexico. <\/strong><\/p>\n<p><strong>\u2022 Among the selected documentaries, the awarded film <em>The Sky is Red<\/em>, about the San Miguel prison fire in 2010, in Santiago, where over 80 inmates died. On the other hand, <em>Nest<\/em> will be part of the FILM4CLIMATE, a non-competitive section for socioenvironmental works. <\/strong><\/p>\n<p>Memory, identity, social issues, and environment are some of the issues these two documentaries and four documentary projects attending this year\u2019s Guadalajara International Film Festival (FICG) discuss. FICG is the largest and most renowned festival in Latin America. In its 36th edition with on-site and online activities, the event is an essential window for networking and boosting the development of projects at an Iberoamerican level. \u201cThere is a long tradition of Chilean participation at FICG. Its festival and market have largely contributed in promoting our productions, making them visible and recognized\u201d, says Paula Ossand\u00f3n, Chiledoc\u2019s director. <\/p>\n<p><img decoding=\"async\" loading=\"lazy\" src=\"https:\/\/www.chiledoc.cl\/new\/wp-content\/uploads\/2021\/09\/El-cielo-esta-rojo.png\" alt=\"\" width=\"1024\" height=\"768\" class=\"alignnone size-full wp-image-2775\" \/><\/p>\n<p><em>The Sky is Red<\/em>, directed by Francina Carbonell, and produced by Gabriela Sandoval and Carlos N\u00fa\u00f1ez, is the only Chilean documentary, among eleven national productions, that are part of the festival\u2019s competition, at the Iberoamerican Documentary category. The movie portrays prison inmates\u2019 rights violations in Chile, using the fire at the San Miguel Prison in 2010 as a starting point, won the Signis Feature Documentary Award, at the Toulouse Latin American Film Festival, in France. \u201cIt was important for us to know that we were going to Guadalajara because we know it is a renowned festival. We are very interested in its editorial line, which is in line with our documentary. And it is always significant for us if it can be shown to a Latin American audience that is more sensitive to this issue\u201d, comments Carbonell, director of the movie. <\/p>\n<p>In parallel, four documentary projects are part of the FICG Industry Programs, an area of the festival that looks to support movies at developing stages in the Iberoamerican cinema industry&#8217;s diverse sectors. \u201cChilean documentaries have a strong landing at Guadalajara, exposing sociopolitical and cultural issues that are not exclusive to Chile but that are present all over Latin America. In that sense, the Chilean documentary has a sensitivity that allows it to gather and express a much broader social feeling\u201d, adds Ossand\u00f3n. <\/p>\n<p><img decoding=\"async\" loading=\"lazy\" src=\"https:\/\/www.chiledoc.cl\/new\/wp-content\/uploads\/2021\/09\/VAC-STILL-6-1.png\" alt=\"\" width=\"1280\" height=\"718\" class=\"alignnone size-full wp-image-2807\" \/><\/p>\n<p>The <strong>Coproduction Meeting<\/strong> is the section with the most prominent Chilean presence and one of the most relevant spaces for the national industry at the market. It is a space that encourages networking between different projects and international industry professionals, producers, buyers and sellers, and funds. Two Chilean projects have been selected to be part of it. <em>Going Back Home<\/em>, directed by Catalina Alarc\u00f3n, and produced by Daniela Camino and Jos\u00e9phine Schroeder, is a documentary where inmates from the Valpara\u00edso prison in Chile reconnect with their families through a program that allows them to return to their homes through virtual reality experiences. <\/p>\n<p><img decoding=\"async\" loading=\"lazy\" src=\"https:\/\/www.chiledoc.cl\/new\/wp-content\/uploads\/2021\/09\/Jirafas-1.png\" alt=\"\" width=\"1578\" height=\"882\" class=\"alignnone size-full wp-image-2804\" \/><\/p>\n<p>On the other hand, the documentary <em>Giraffes<\/em>, directed by Felipe Carmona and Sarah\u00ed Echeverr\u00eda, and produced by Marianne Meyer-Beckh, tells the story of the Equatorian city of Loja\u2019s mayor. After the death of the local zoo\u2019s giraffe brought from Chile, he organizes the town in a \u2018giraffeton\u2019 to gather funds to get two new giraffes and win the elections. <\/p>\n<p><img decoding=\"async\" loading=\"lazy\" src=\"https:\/\/www.chiledoc.cl\/new\/wp-content\/uploads\/2021\/09\/Bajo-sospecha-zokunentu.jpg\" alt=\"\" width=\"2258\" height=\"1270\" class=\"alignnone size-full wp-image-2803\" \/><\/p>\n<p><em>On Suspicion Zokunentu<\/em>, is the only Chilean project at the <strong>DocuLab: Documentaries Laboratory<\/strong> section. It aims to contribute towards documentaries at their first or second cut, in need of assistance to move towards their last development stages. In the documentary, directed by Daniel D\u00edaz Oyarz\u00fan, and produced by Esteban Sandoval, D\u00edaz looks at family records and the works of his uncle, Bernardo Oyarz\u00fan, a Mapuche visual artist. In the nineties, Oyarz\u00fan was detained under suspicion, and his work is related to subjects like identity and racial stigma. <\/p>\n<p><img decoding=\"async\" loading=\"lazy\" src=\"https:\/\/www.chiledoc.cl\/new\/wp-content\/uploads\/2021\/09\/El-baile-de-los-que-sobran.jpeg\" alt=\"\" width=\"700\" height=\"442\" class=\"alignnone size-full wp-image-2802\" \/><\/p>\n<p><strong>Episode 0: Developing series<\/strong> is a program dedicated to favor meetings between projects and film and television professionals. In this year\u2019s version, <em>The Outcast\u2019s Dance<\/em>, directed by \u00c1ngel Linares and Emilio Aguilar Pradal, and produced by Jimena Mancilla and Miguel \u00c1ngel S\u00e1nchez, participates. A series focuses on a group of friends that were part of the Manuel Rodriguez Patriotic Front (FPMR), and that killing Jaime Guzm\u00e1n and organizing one of the most emblematic jailbreaks in Chilean history, run from Chile. After 20 years of living as fugitives in Mexico, one of them is detained, and everything changes. <\/p>\n<p><img decoding=\"async\" loading=\"lazy\" src=\"https:\/\/www.chiledoc.cl\/new\/wp-content\/uploads\/2021\/09\/Nidal.jpg\" alt=\"\" width=\"1998\" height=\"1080\" class=\"alignnone size-full wp-image-2801\" \/><\/p>\n<p>Besides the official selection, the Chilean movie <em>Nest<\/em>, is part of the <strong>Socioenvironmental Cinema Showing<\/strong>, part of the FILM4CLIMATE initiative. This initiative looks to mitigate the environmental impact in cinematographic production and raise awareness on climate change through cinema. This activity runs parallel to the festival and has four titles from around the world, among which the Chilean documentary directed and produced by Josefina P\u00e9rez-Garc\u00eda and Felipe Sigala is. The movie shows how the real estate industry has destabilized the natural surroundings of Conc\u00f3n, a city on Chile\u2019s coast. <\/p>\n<p><strong>Chile\u2019s participation is led by diverse public and private institutions: Ministry of Culture, Arts, and Patrimony (MINCAP), ProChile, sectorial brands CinemaChile and Chiledoc, the Chilean Documentary Corporation, the Chilean Animators Association, and their brand, Chilean Animation. <\/strong><\/p>\n","protected":false},"excerpt":{"rendered":"<p>\u2022 Two documentaries and four documentary projects are part of this years\u2019 version of the Guadalajara Film Festival and its Industry FICG section. The event will be taking place between October 1st to 9th, 2021, in Mexico. \u2022 Among the selected documentaries, the awarded film The Sky is Red, about the San Miguel prison fire [&hellip;]<\/p>\n","protected":false},"author":4,"featured_media":0,"comment_status":"closed","ping_status":"open","sticky":false,"template":"","format":"standard","meta":[],"categories":[1],"tags":[],"acf":[],"_links":{"self":[{"href":"https:\/\/www.chiledoc.cl\/en\/wp-json\/wp\/v2\/posts\/2576"}],"collection":[{"href":"https:\/\/www.chiledoc.cl\/en\/wp-json\/wp\/v2\/posts"}],"about":[{"href":"https:\/\/www.chiledoc.cl\/en\/wp-json\/wp\/v2\/types\/post"}],"author":[{"embeddable":true,"href":"https:\/\/www.chiledoc.cl\/en\/wp-json\/wp\/v2\/users\/4"}],"replies":[{"embeddable":true,"href":"https:\/\/www.chiledoc.cl\/en\/wp-json\/wp\/v2\/comments?post=2576"}],"version-history":[{"count":2,"href":"https:\/\/www.chiledoc.cl\/en\/wp-json\/wp\/v2\/posts\/2576\/revisions"}],"predecessor-version":[{"id":2579,"href":"https:\/\/www.chiledoc.cl\/en\/wp-json\/wp\/v2\/posts\/2576\/revisions\/2579"}],"wp:attachment":[{"href":"https:\/\/www.chiledoc.cl\/en\/wp-json\/wp\/v2\/media?parent=2576"}],"wp:term":[{"taxonomy":"category","embeddable":true,"href":"https:\/\/www.chiledoc.cl\/en\/wp-json\/wp\/v2\/categories?post=2576"},{"taxonomy":"post_tag","embeddable":true,"href":"https:\/\/www.chiledoc.cl\/en\/wp-json\/wp\/v2\/tags?post=2576"}],"curies":[{"name":"wp","href":"https:\/\/api.w.org\/{rel}","templated":true}]}}