{"id":2624,"date":"2021-10-02T15:45:13","date_gmt":"2021-10-02T18:45:13","guid":{"rendered":"https:\/\/www.chiledoc.cl\/en\/?p=2624"},"modified":"2021-10-07T10:33:03","modified_gmt":"2021-10-07T13:33:03","slug":"chilean-delegation-is-ready-to-shine-at-ficg-2021","status":"publish","type":"post","link":"https:\/\/www.chiledoc.cl\/en\/chilean-delegation-is-ready-to-shine-at-ficg-2021\/","title":{"rendered":"Chilean delegation is ready to shine at FICG 2021"},"content":{"rendered":"<p>By <a href=\"https:\/\/www.informador.mx\/entretenimiento\/La-delegacion-chilena-esta-lista-para-brillar-en-el-FICG-2021-20211002-0003.html\" rel=\"noopener noreferrer\" target=\"_blank\"><strong>El Informador<\/strong><\/a><br \/>\nOCTOBER 2, 2021.<\/p>\n<p><strong>Paula Ossand\u00f3n Cabrera, director of Chiledoc, talks about the South-American country\u2019s activities at this film fest. <\/strong><\/p>\n<p>Guadalajara International Film Festival (FICG) 36th version is ready to go, and the Chilean delegation will be present with over 50 professionals from the audiovisual world. In this interview, Paula Ossand\u00f3n Cabrera, director of Chiledoc, talks about the South-American country\u2019s activities at this film fest. <\/p>\n<p>\u201cWe have a long tradition of participation at this festival, as well as a lot of love for it because it has helped to strengthen Chilean audiovisual production. We have been part of selections in different market and festival sections. That means, some movies have gone through DocuLab for instance, and have then premiered at FICG. So, that\u2019s important because they prioritize projects already in the making.\u201d<\/p>\n<p>Over 50 Chilean professionals at FICG\u2019s activities will be participating both online and on-site, and Paula emphasizes at least 25 will be at Guadalajara: \u201cWe will have all these networking events where we will offer cocktails to every single industry representative at Guadalajara.\u201d<\/p>\n<p>For the 36th edition, Paula mentions 11 movies; fiction features, documentaries, and short films have been selected. Competing at the Iberoamerican Feature Film category, are: \u201cImmersion\u201d directed by Nicol\u00e1s Postiglione; \u201cTo Kill the Beast\u201d, directed by Agustina San Mart\u00edn and produced by Florencia Rodriguez; \u201cDusk Stone\u201d, directed by Ivan Fund and produced by Catalina Vergara and Laura Tabl\u00f3n; and \u201cMy Brothers Dream Awake\u201d, directed by Claudia Huaiquimilla. <\/p>\n<p>The awarded movie \u201cThe Sky is Red\u201d, directed by Francina Carbonell, will be presented in the Iberoamerican Documentary category. Besides, three short films selected for the Iberoamerican Short Film category will be participating. These are; \u201cAn Impossible Love Story\u201d, directed by Javier Mardones and produced by Margarita Fuenzalida; \u201cI Dreamed I Was Alive\u201d, directed by Sebasti\u00e1n Gonz\u00e1lez; and \u201cA House in the Sand\u201d, directed by Crist\u00f3bal Garc\u00eda and produced by Francisco Bisa\u00f1ez.<\/p>\n<p>At the Rigo Mora Award, three Chilean animated short films will be presented: \u201cUninhabited\u201d, directed by Camila Donoso; \u201cBeast\u201d, directed by Hugo Covarrubias and produced by Tevo D\u00edaz, winner at the Annency International Animation Film Festival of the Festival Connexion Award; and \u201cThe Bones\u201d, directed by Crist\u00f3bal Leon and Joaqu\u00edn Coci\u00f1a and produced by Lucas Engel, a recent winner at the Venice International Film Festival of the Best Short Film award in the Horizons section. <\/p>\n<p>The Chilean film, \u201cUnder Suspicion\u201d, will be part of the DocuLab, whereas \u201cThe Outcast\u2019s Dance\u201d, a series project directed by Angel Linares and Emilio Aguilar and produced by Jimena Mancilla and Miguel \u00c1ngel Sanchez, will be part of Episode 0: Developing series. This section brings selected projects the opportunity to attend intensive meetings with television and film industry professionals. And the movie \u201cHistory and Geography\u201d, directed by Bernardo Quesney, will be presented at Guadalajara Builds.<\/p>\n<p>About Chiledoc<\/p>\n<p>\u201cChiledoc is the Chilean documentary\u2019s sectorial brand\u201d, shares Paula. \u201cThat means it represents Chilean documentaries around the world\u201d. She explains production in this genre is known for its high quality. \u201cIt is a very linked community, very tight in general\u201d. She ends by saying the current subjects Chilean documentaries are talking about are divergences like: sexual, social, and cultural divergences, or divergences like indigenous identity, or the role of women. <\/p>\n","protected":false},"excerpt":{"rendered":"<p>By El Informador OCTOBER 2, 2021. Paula Ossand\u00f3n Cabrera, director of Chiledoc, talks about the South-American country\u2019s activities at this film fest. Guadalajara International Film Festival (FICG) 36th version is ready to go, and the Chilean delegation will be present with over 50 professionals from the audiovisual world. In this interview, Paula Ossand\u00f3n Cabrera, director [&hellip;]<\/p>\n","protected":false},"author":4,"featured_media":0,"comment_status":"closed","ping_status":"open","sticky":false,"template":"","format":"standard","meta":[],"categories":[1],"tags":[],"acf":[],"_links":{"self":[{"href":"https:\/\/www.chiledoc.cl\/en\/wp-json\/wp\/v2\/posts\/2624"}],"collection":[{"href":"https:\/\/www.chiledoc.cl\/en\/wp-json\/wp\/v2\/posts"}],"about":[{"href":"https:\/\/www.chiledoc.cl\/en\/wp-json\/wp\/v2\/types\/post"}],"author":[{"embeddable":true,"href":"https:\/\/www.chiledoc.cl\/en\/wp-json\/wp\/v2\/users\/4"}],"replies":[{"embeddable":true,"href":"https:\/\/www.chiledoc.cl\/en\/wp-json\/wp\/v2\/comments?post=2624"}],"version-history":[{"count":2,"href":"https:\/\/www.chiledoc.cl\/en\/wp-json\/wp\/v2\/posts\/2624\/revisions"}],"predecessor-version":[{"id":2627,"href":"https:\/\/www.chiledoc.cl\/en\/wp-json\/wp\/v2\/posts\/2624\/revisions\/2627"}],"wp:attachment":[{"href":"https:\/\/www.chiledoc.cl\/en\/wp-json\/wp\/v2\/media?parent=2624"}],"wp:term":[{"taxonomy":"category","embeddable":true,"href":"https:\/\/www.chiledoc.cl\/en\/wp-json\/wp\/v2\/categories?post=2624"},{"taxonomy":"post_tag","embeddable":true,"href":"https:\/\/www.chiledoc.cl\/en\/wp-json\/wp\/v2\/tags?post=2624"}],"curies":[{"name":"wp","href":"https:\/\/api.w.org\/{rel}","templated":true}]}}