{"id":2655,"date":"2021-10-18T10:58:22","date_gmt":"2021-10-18T13:58:22","guid":{"rendered":"https:\/\/www.chiledoc.cl\/en\/?p=2655"},"modified":"2021-10-18T11:00:35","modified_gmt":"2021-10-18T14:00:35","slug":"film-about-the-fire-in-the-san-miguel-prison-wins-best-documentary-award-in-mexico","status":"publish","type":"post","link":"https:\/\/www.chiledoc.cl\/en\/film-about-the-fire-in-the-san-miguel-prison-wins-best-documentary-award-in-mexico\/","title":{"rendered":"Film about the Fire in the San Miguel Prison Wins Best Documentary Award in Mexico"},"content":{"rendered":"<p><strong>\u2022\tThe Sky is red won Best Documentary Feature Film Award at the 36th Guadalajara International Film Festival, the largest and most important in Latin America.<\/strong><\/p>\n<p><strong>\u2022\tThe film, which portrays the greatest prison tragedy in the history of Chile, already has a premiere date at national theaters and via streaming for November 11.<\/strong><\/p>\n<p><strong>\u2022\t\u00abWe hope to continue to be open to the reflection of this issue, not in an abstract way but from the closest one, from the emotions of those who suffer within the spaces of confinement\u00bb says Francina Carbonell, director of the documentary.<\/strong><\/p>\n<p><strong>Click <a href=\"https:\/\/www.youtube.com\/watch?v=2B2fYx-5Onk&#038;list=PL7hsM6jH1hVAzzRrZ_Gk0TdZkXY_wjwEZ&#038;index=18\" rel=\"noopener noreferrer\" target=\"_blank\"><strong>here<\/strong><\/a> to check The Eye Behind the Camera with Francina Carbonell.<\/strong><\/p>\n<p>In the early hours of December 8, 2010, an incident occurred in Tower Five of the San Miguel prison that ended in a fire and a total of 81 dead prisoners. Only some records were made public, among them, that the fire would have been caused by the manipulation of a gas tank during a fight and that the place was exceeded by about 900 prisoners, making it the most overcrowded prison in Latin America. How and how far to observe the remains of that dark episode? the film asks.<\/p>\n<p><em>The Sky is Red<\/em>, directed by Francina Carbonell and produced jointly by Gabriela Sandoval and Carlos N\u00fa\u00f1ez, won the award for Best Ibero-American Documentary Film last Saturday, October 9, at the recent edition of the Guadalajara International Film Festival in Mexico, the largest audiovisual event in Latin America. \u00abWe are very excited to receive this award at the Guadalajara Festival. In addition, we find it surprising and at the same time very painful to see how a tragedy that occurred in Chile, ten years ago, resonates today in the rest of Ibero-America\u00bb says its director, Francina Carbonell.<\/p>\n<p><img decoding=\"async\" loading=\"lazy\" src=\"https:\/\/www.chiledoc.cl\/new\/wp-content\/uploads\/2021\/10\/ECER_3-scaled-e1634301890107-1024x763.jpg\" alt=\"\" width=\"1024\" height=\"763\" class=\"alignnone size-large wp-image-2920\" \/><\/p>\n<p>The documentary was the only Chilean film in this category this year, competing with ten other films, including productions from Brazil, Argentina, Spain, Colombia, the Dominican Republic, Guatemala and other international co-productions. \u00ab<em>The Sky is Red<\/em> is a deeply sensitive, moving film that shakes the audience with a raw reality as well as painful, difficult to address, which is transversal to all of Latin America. That\u2019s why it reached so much attention in the audience, the press and the jury of FIC Guadalajara, receiving later the award for best Ibero-American documentary \u00absays Paula Ossand\u00f3n, director of Chiledoc, an initiative responsible for the promotion of the Chilean documentary sector in the world.<\/p>\n<p>\u00abBoth its director, Francina Carbonell, and its producer, Gabriela Sandoval, dedicated the award to all the families of the prisoners killed in the San Miguel prison in Santiago. Like Chiledoc, we feel great joy and pride because the Chilean documentary continues -with sensitivity and perseverence &#8211; conquering festivals around the world\u00bb she adds.<\/p>\n<p><img decoding=\"async\" loading=\"lazy\" src=\"https:\/\/www.chiledoc.cl\/new\/wp-content\/uploads\/2021\/10\/ECER_05-e1634301652998-1024x770.jpg\" alt=\"\" width=\"1024\" height=\"770\" class=\"alignnone size-large wp-image-2921\" \/><\/p>\n<p><em>The Sky is Red<\/em> reconstructs what happened in the San Miguel prison from full access to the judicial archives, giving a new regard to the testimonies, videos, photos and security cameras, which after little more than a decade, remain inconclusive, and expose the negligence of the investigation and shortcomings of the Chilean prison system. \u00abIt\u2019s a prison system that imprisons youth and poverty and that\u2019s something that happens in Chile, but also in many other parts of the world, as if it were a structure that repeats itself\u00bb Carbonell says. \u00abWe hope that this award will promote the premiere a little, and that many people will go to see it, to continue to open ourselves to the reflection of this issue, not in an abstract way but from the closest one, from the emotions of those who suffer within the spaces of confinement\u00bb she adds.<\/p>\n<p>The film, which will be released in Chilean theatres and streamed on November 11, is one of the four national productions that won awards during the festival. The fictional feature films <em>Immersion<\/em> and <em>My Brothers Dream Awake<\/em>, along with the animated short film Beast also won several awards in the international competition. \u00abThis speaks of a cultural sector that is very vibrant creatively, but that is also taking care of a lot of situations and problems that we carry as a country. In a way, they are all films that raise questions and reflections about our historical pains and that seems to me to be extremely important and powerful, so it is very exciting that Chile has received eight awards in that direction \u00abconcludes the director of the documentary.<\/p>\n<p><img decoding=\"async\" loading=\"lazy\" src=\"https:\/\/www.chiledoc.cl\/new\/wp-content\/uploads\/2021\/10\/ECER_2-scaled-e1634301708751-1024x773.jpg\" alt=\"\" width=\"1024\" height=\"773\" class=\"alignnone size-large wp-image-2922\" \/><\/p>\n<p><ins datetime=\"2021-10-18T13:46:51+00:00\">Awards given to Chile at FIC Guadalajara<\/ins><\/p>\n<p><strong><em>The Sky is Red<\/em><\/strong><br \/>\nDirector: Francina Carbonell | Producers: Gabriela Sandoval, Carlos N\u00fa\u00f1ez and Francina Carbonell<br \/>\n&#8211; Best Ibero-American Documentary Film Award<\/p>\n<p><strong><em>My Brothers Dream Awake<\/em><\/strong><br \/>\nDirector: Claudia Huaiquimilla | Producers: Pablo Greene and Mariana Tejos<br \/>\n&#8211; Mayahuel Award for Best Ibero-American Fiction Film<br \/>\n&#8211; Best Actor Award to Ivan C\u00e1ceres<br \/>\n&#8211; Best Screenplay Award to Claudia Huaiquimilla and Pablo Greene<br \/>\n&#8211; Honorary mention by the Federation of Schools of Image and Sound (Feisal)<\/p>\n<p><strong><em>Immersion<\/em><\/strong><br \/>\nDirector: Nicol\u00e1s Postiglione | Producers: Mois\u00e9s Sep\u00falveda, Francisco Herv\u00e9, Isabel Orellana Guarello, Nicol\u00e1s San Mart\u00edn, Alejandro Wise, Juan Bernardo Gonz\u00e1lez, Arturo Pereyra<br \/>\nBest First Film Award<br \/>\n&#8211; Best Director Award to Nicol\u00e1s Postiglione<br \/>\n&#8211; Best Cinematography Award to Sergio Armstrong<\/p>\n<p><strong><em>Beast<\/em><\/strong><br \/>\nDirector: Hugo Covarrubias | Producer: Tevo D\u00edaz<br \/>\n&#8211; Rigo Mora Award for Best Animated Short Film<\/p>\n<p><strong>The participation of Chile was led by various public and private institutions: the Ministry of Cultures, Arts and Heritage (MINCAP), ProChile, the sectoral brands CinemaChile and Chiledoc, the Chilean Documentary Corporation, the Association of Animation of Chile and its brand Chilean Animation.<\/strong><\/p>\n","protected":false},"excerpt":{"rendered":"<p>\u2022 The Sky is red won Best Documentary Feature Film Award at the 36th Guadalajara International Film Festival, the largest and most important in Latin America. \u2022 The film, which portrays the greatest prison tragedy in the history of Chile, already has a premiere date at national theaters and via streaming for November 11. \u2022 [&hellip;]<\/p>\n","protected":false},"author":4,"featured_media":0,"comment_status":"closed","ping_status":"open","sticky":false,"template":"","format":"standard","meta":[],"categories":[1],"tags":[],"acf":[],"_links":{"self":[{"href":"https:\/\/www.chiledoc.cl\/en\/wp-json\/wp\/v2\/posts\/2655"}],"collection":[{"href":"https:\/\/www.chiledoc.cl\/en\/wp-json\/wp\/v2\/posts"}],"about":[{"href":"https:\/\/www.chiledoc.cl\/en\/wp-json\/wp\/v2\/types\/post"}],"author":[{"embeddable":true,"href":"https:\/\/www.chiledoc.cl\/en\/wp-json\/wp\/v2\/users\/4"}],"replies":[{"embeddable":true,"href":"https:\/\/www.chiledoc.cl\/en\/wp-json\/wp\/v2\/comments?post=2655"}],"version-history":[{"count":2,"href":"https:\/\/www.chiledoc.cl\/en\/wp-json\/wp\/v2\/posts\/2655\/revisions"}],"predecessor-version":[{"id":2658,"href":"https:\/\/www.chiledoc.cl\/en\/wp-json\/wp\/v2\/posts\/2655\/revisions\/2658"}],"wp:attachment":[{"href":"https:\/\/www.chiledoc.cl\/en\/wp-json\/wp\/v2\/media?parent=2655"}],"wp:term":[{"taxonomy":"category","embeddable":true,"href":"https:\/\/www.chiledoc.cl\/en\/wp-json\/wp\/v2\/categories?post=2655"},{"taxonomy":"post_tag","embeddable":true,"href":"https:\/\/www.chiledoc.cl\/en\/wp-json\/wp\/v2\/tags?post=2655"}],"curies":[{"name":"wp","href":"https:\/\/api.w.org\/{rel}","templated":true}]}}