{"id":2659,"date":"2021-10-14T11:29:23","date_gmt":"2021-10-14T14:29:23","guid":{"rendered":"https:\/\/www.chiledoc.cl\/en\/?p=2659"},"modified":"2021-10-18T11:09:40","modified_gmt":"2021-10-18T14:09:40","slug":"chile-stands-out-at-the-guadalajara-film-festival","status":"publish","type":"post","link":"https:\/\/www.chiledoc.cl\/en\/chile-stands-out-at-the-guadalajara-film-festival\/","title":{"rendered":"Chile stands out at the Guadalajara Film Festival"},"content":{"rendered":"<p>Eight awards and an honorable mention were awarded to four Chilean productions at the 36th Guadalajara International Film Festival. Among the winners are the latest film by the Mapuche director Claudia Huaquimilla, My brothers dream awake, and the award-winning documentary The Sky is red about the fire at the San Miguel prison.<\/p>\n<p><ins datetime=\"2021-10-18T14:02:11+00:00\">Check the list of awards below:<\/ins><\/p>\n<p><strong><em>My Brothers Dream Awake<\/em><\/strong><br \/>\nDirector: Claudia Huaiquimilla | Producers: Pablo Greene and Mariana Tejos<\/p>\n<p>&#8211;       Mayahuel Award for Best Ibero-American Fiction Film<br \/>\n&#8211;       Best Actor Award to Ivan C\u00e1ceres<br \/>\n&#8211;       Best Screenplay Award to Claudia Huaiquimilla and Pablo Greene<br \/>\n&#8211;       Honorary mention by the Federation of Schools of Image and Sound (Feisal)<\/p>\n<p><img decoding=\"async\" loading=\"lazy\" src=\"https:\/\/www.chiledoc.cl\/new\/wp-content\/uploads\/2021\/10\/Mis-hermanos-suenan-despiertos-1-1024x428.jpg\" alt=\"\" width=\"1024\" height=\"428\" class=\"alignnone size-large wp-image-2896\" \/><\/p>\n<p><strong><em>Immersion<\/em><\/strong><br \/>\nDirector: Nicol\u00e1s Postiglione | Producers: Mois\u00e9s Sep\u00falveda, Francisco Herv\u00e9, Isabel Orellana Guarello, Nicol\u00e1s San Mart\u00edn, Alejandro Wise, Juan Bernardo Gonz\u00e1lez, Arturo Pereyra<\/p>\n<p>&#8211;       Best First Film Award<br \/>\n&#8211;       Best Director Award to Nicol\u00e1s Postiglione<br \/>\n&#8211;       Best Cinematography Award to Sergio Armstrong<\/p>\n<p><img decoding=\"async\" loading=\"lazy\" src=\"https:\/\/www.chiledoc.cl\/new\/wp-content\/uploads\/2021\/10\/Inmersion-e1633525468442-1024x561.png\" alt=\"\" width=\"1024\" height=\"561\" class=\"alignnone size-large wp-image-2859\" \/><\/p>\n<p><strong><em>The Sky is Red<\/em><\/strong><br \/>\nDirector: Francina Carbonell | Producers: Gabriela Sandoval, Carlos N\u00fa\u00f1ez and Francina Carbonell<\/p>\n<p>&#8211;       Best Ibero-American Documentary Film Award<\/p>\n<p><img decoding=\"async\" loading=\"lazy\" src=\"https:\/\/www.chiledoc.cl\/new\/wp-content\/uploads\/2021\/10\/El-cielo-esta-rojo-2.png\" alt=\"\" width=\"817\" height=\"613\" class=\"alignnone size-full wp-image-2897\" \/><\/p>\n<p><strong><em>Beast<\/em><\/strong><br \/>\nDirector: Hugo Covarrubias | Producer: Tevo D\u00edaz<\/p>\n<p>&#8211;       Rigo Mora Award for Best Animated Short Film<\/p>\n<p><img decoding=\"async\" loading=\"lazy\" src=\"https:\/\/www.chiledoc.cl\/new\/wp-content\/uploads\/2021\/10\/Bestia2-1024x576.jpg\" alt=\"\" width=\"1024\" height=\"576\" class=\"alignnone size-large wp-image-2898\" \/><\/p>\n<p><strong>The participation of Chile was led by various public and private institutions: the Ministry of Cultures, Arts and Heritage (MINCAP), ProChile, the sectoral brands CinemaChile and Chiledoc, the Chilean Documentary Corporation, the Association of Animation of Chile and its brand Chilean Animation.<\/strong><\/p>\n","protected":false},"excerpt":{"rendered":"<p>Eight awards and an honorable mention were awarded to four Chilean productions at the 36th Guadalajara International Film Festival. Among the winners are the latest film by the Mapuche director Claudia Huaquimilla, My brothers dream awake, and the award-winning documentary The Sky is red about the fire at the San Miguel prison. Check the list [&hellip;]<\/p>\n","protected":false},"author":4,"featured_media":0,"comment_status":"closed","ping_status":"open","sticky":false,"template":"","format":"standard","meta":[],"categories":[1],"tags":[],"acf":[],"_links":{"self":[{"href":"https:\/\/www.chiledoc.cl\/en\/wp-json\/wp\/v2\/posts\/2659"}],"collection":[{"href":"https:\/\/www.chiledoc.cl\/en\/wp-json\/wp\/v2\/posts"}],"about":[{"href":"https:\/\/www.chiledoc.cl\/en\/wp-json\/wp\/v2\/types\/post"}],"author":[{"embeddable":true,"href":"https:\/\/www.chiledoc.cl\/en\/wp-json\/wp\/v2\/users\/4"}],"replies":[{"embeddable":true,"href":"https:\/\/www.chiledoc.cl\/en\/wp-json\/wp\/v2\/comments?post=2659"}],"version-history":[{"count":1,"href":"https:\/\/www.chiledoc.cl\/en\/wp-json\/wp\/v2\/posts\/2659\/revisions"}],"predecessor-version":[{"id":2662,"href":"https:\/\/www.chiledoc.cl\/en\/wp-json\/wp\/v2\/posts\/2659\/revisions\/2662"}],"wp:attachment":[{"href":"https:\/\/www.chiledoc.cl\/en\/wp-json\/wp\/v2\/media?parent=2659"}],"wp:term":[{"taxonomy":"category","embeddable":true,"href":"https:\/\/www.chiledoc.cl\/en\/wp-json\/wp\/v2\/categories?post=2659"},{"taxonomy":"post_tag","embeddable":true,"href":"https:\/\/www.chiledoc.cl\/en\/wp-json\/wp\/v2\/tags?post=2659"}],"curies":[{"name":"wp","href":"https:\/\/api.w.org\/{rel}","templated":true}]}}