{"id":3259,"date":"2022-06-06T15:11:12","date_gmt":"2022-06-06T19:11:12","guid":{"rendered":"https:\/\/www.chiledoc.cl\/en\/?p=3259"},"modified":"2022-06-13T10:12:30","modified_gmt":"2022-06-13T14:12:30","slug":"chilean-coproductions-and-documentaries-strong-presence-at-the-largest-film-festival-in-latin-america","status":"publish","type":"post","link":"https:\/\/www.chiledoc.cl\/en\/chilean-coproductions-and-documentaries-strong-presence-at-the-largest-film-festival-in-latin-america\/","title":{"rendered":"Chilean coproductions and documentaries\u2019 strong presence at FIC Guadalajara"},"content":{"rendered":"<p><strong>\u2022\tFeature films <em>Alis<\/em> and <em>The Dive<\/em> are part of the Guadalajara International Film Festival\u2019s official competition. This will also be <em>La picada<\/em>\u2019s world premiere.<\/strong><\/p>\n<p><strong>\u2022\t<em>The Plan<\/em>, a documentary project about a sabotage attempt on the 1988 Chilean democratic process, will be present at FICG Industry.<\/strong><\/p>\n<p><strong>\u2022\tBoth festival and market will be taking place from June 10th to 28th, on-site.<\/strong><\/p>\n<p><strong><a href=\"https:\/\/ficg.mx\/\" rel=\"noopener noreferrer\" target=\"_blank\">Guadalajara International Film Festival<\/a><\/strong>\u2019s 37th edition will begin on <strong>June 10th<\/strong> -an event of which two documentary coproductions will be part. <em>Alis<\/em>, directed by Nicol\u00e1s van Hemelryck and Clare Weiskopf and produced by Lise Lense, Alexandra Galvis and Radu Stancu; and <em>The Dive<\/em>, directed by Felipe Z\u00fa\u00f1iga and produced by Alejandra Vargas Carballo, Federico Lang and Alejo Cris\u00f3stomo. Besides the Chilean documentary project, <em>The Plan<\/em>, directed by Pablo Stephens and produced by Cristi\u00e1n Hidalgo, will be part of the festival\u2019s market, called FICG Industry.<\/p>\n<p><strong>Lorena S\u00e1nchez, ProChile\u2019s international director<\/strong>, highlights the public-private effort to make Chile\u2019s participation at the Guadalajara Festival possible and its involvement in different prioritized circuits of the audiovisual sector. \u201cChilean cultural and creative industries contribute to our exportable offer\u2019s diversification and aggregation of value and quality. From that point of view, they are a priority for ProChile. Through our sectorial brands, CinemaChile and Chiledoc, we have joined promotion efforts, actively involving different sector professional associations, and the public institutions with which we keep a strategic alliance, to complement financial supports, allowing these kinds of participations to be financed\u201d, she emphasizes. <\/p>\n<p><img decoding=\"async\" loading=\"lazy\" src=\"https:\/\/www.chiledoc.cl\/new\/wp-content\/uploads\/2022\/06\/LA-PICADA_1.105.1-1024x429.jpg\" alt=\"\" width=\"1024\" height=\"429\" class=\"alignnone size-large wp-image-3643\" \/><br \/>\n<em>The Dive<\/em><\/p>\n<p>\u201cChilean and Mexican cinemas\u2019 have a long tradition of collaboration and the space FICG Guadalajara has given to our cinematography, adding value and promoting its distribution. Today we land there with two documentary feature films and a project focusing on social struggles for territorial defense, political struggles seeking justice, and marginalized youths internally fighting to find hope. FICG Guadalajara is an important place for these struggles to be made visible\u201d, comments <strong>Paula Ossand\u00f3n, Chiledoc\u2019s director<\/strong>, the organization responsible for promoting and distributing Chilean documentaries around the world.<\/p>\n<p>Two documentary features will be presented at the festival as part of the official competition. <strong><em><a href=\"https:\/\/www.chiledoc.cl\/en\/alis\/\" rel=\"noopener noreferrer\" target=\"_blank\">Alis<\/a><\/em><\/strong> is a journey through the imagination of teenagers trying to break the circle of violence they lived in the streets of Bogot\u00e1, looking to embrace their future. This documentary will compete for the Iberoamerican Documentary Feature Film and the Maguey Award, an award for productions disseminating a cinema focused on open and diverse sexual orientation stories. <\/p>\n<p><img decoding=\"async\" loading=\"lazy\" src=\"https:\/\/www.chiledoc.cl\/new\/wp-content\/uploads\/2022\/03\/ALIS-still_03-Maria-salta-1024x554.jpg\" alt=\"\" width=\"1024\" height=\"554\" class=\"alignnone size-large wp-image-3459\" \/><br \/>\n<em>Alis<\/em><\/p>\n<p>It is worth noting Alis has had an outstanding journey through some of the world\u2019s most important markets and festivals, like Berlinale, IDFA, and recently Canada\u2019s Hot Docs. \u201cAfter years working on this movie, it\u2019s incredible to have been selected in these two competitions; one of them within the documentary cinema world, and the other recognizing the contribution this movie makes in building a more diverse world, where we accept and embrace our own and others\u2019 identities\u201d, one of the directors, Nicol\u00e1s van Hemelryck, tells.<\/p>\n<p>The other movie competing for the Iberoamerican Documentary Feature film is <strong><em><a href=\"https:\/\/www.chiledoc.cl\/en\/the-dive\/\" rel=\"noopener noreferrer\" target=\"_blank\">The Dive<\/a><\/em><\/strong>, which will also have its world premiere at the festival. \u201cThe possibility of premiering at FICG gets our movie closer to buyers and distributors looking for regional cinema that know its potential market first hand. Besides this cinema celebration, you can live at Guadalajara during the festival is a wonderful event that always makes us feel at home\u201d, comments Alejo Cris\u00f3stomo, one of its producers. The movie portrays Rosmeri, the last inhabitant of La Picada, a town in Costa Rica destroyed by the constant ash eruptions. The most active volcano in the country is her best friend, and that relationship is the driving force moving her to resist the pressure of those who ask her to abandon her home.<\/p>\n<p><img decoding=\"async\" loading=\"lazy\" src=\"https:\/\/www.chiledoc.cl\/new\/wp-content\/uploads\/2020\/05\/Still3-El-Plan-de-Miguel-1024x576.jpg\" alt=\"\" width=\"1024\" height=\"576\" class=\"alignnone size-large wp-image-353\" srcset=\"https:\/\/www.chiledoc.cl\/en\/wp-content\/uploads\/2020\/05\/Still3-El-Plan-de-Miguel-1024x576.jpg 1024w, https:\/\/www.chiledoc.cl\/en\/wp-content\/uploads\/2020\/05\/Still3-El-Plan-de-Miguel-300x169.jpg 300w, https:\/\/www.chiledoc.cl\/en\/wp-content\/uploads\/2020\/05\/Still3-El-Plan-de-Miguel-768x432.jpg 768w, https:\/\/www.chiledoc.cl\/en\/wp-content\/uploads\/2020\/05\/Still3-El-Plan-de-Miguel-1536x864.jpg 1536w, https:\/\/www.chiledoc.cl\/en\/wp-content\/uploads\/2020\/05\/Still3-El-Plan-de-Miguel-2048x1152.jpg 2048w\" sizes=\"(max-width: 1024px) 100vw, 1024px\" \/><br \/>\n<em>The Plan<\/em><\/p>\n<p>Lastly, <strong><em><a href=\"https:\/\/www.chiledoc.cl\/en\/the-plan\/\" rel=\"noopener noreferrer\" target=\"_blank\">The Plan<\/a><\/em><\/strong>, will be part of FICG Industry, a section of the festival supporting movies at developing stages. This project portrays Miguel\u2019s story, an undercover agent from Pinochet\u2019s secret police recruiting children with parents who had been killed or made disappear by the government to create a radical and armed left-wing group and sabotage the democratic process the country underwent in 1988. \u201cToday, human rights issues, the involvement of minors in armed groups, and authoritarian regime&#8217;s repression are echoing the past, and this movie goes deep into these subjects\u201d, adds its producer, Cristi\u00e1n Hidalgo.<\/p>\n<p><strong>Chile\u2019s participation at the Guadalajara International Film Festival is organized by Chiledoc, the Chilean documentary sectorial brand, and financed by ProChile.<\/strong><\/p>\n","protected":false},"excerpt":{"rendered":"<p>\u2022 Feature films Alis and The Dive are part of the Guadalajara International Film Festival\u2019s official competition. This will also be La picada\u2019s world premiere. \u2022 The Plan, a documentary project about a sabotage attempt on the 1988 Chilean democratic process, will be present at FICG Industry. \u2022 Both festival and market will be taking [&hellip;]<\/p>\n","protected":false},"author":4,"featured_media":0,"comment_status":"closed","ping_status":"open","sticky":false,"template":"","format":"standard","meta":[],"categories":[1],"tags":[],"acf":[],"_links":{"self":[{"href":"https:\/\/www.chiledoc.cl\/en\/wp-json\/wp\/v2\/posts\/3259"}],"collection":[{"href":"https:\/\/www.chiledoc.cl\/en\/wp-json\/wp\/v2\/posts"}],"about":[{"href":"https:\/\/www.chiledoc.cl\/en\/wp-json\/wp\/v2\/types\/post"}],"author":[{"embeddable":true,"href":"https:\/\/www.chiledoc.cl\/en\/wp-json\/wp\/v2\/users\/4"}],"replies":[{"embeddable":true,"href":"https:\/\/www.chiledoc.cl\/en\/wp-json\/wp\/v2\/comments?post=3259"}],"version-history":[{"count":4,"href":"https:\/\/www.chiledoc.cl\/en\/wp-json\/wp\/v2\/posts\/3259\/revisions"}],"predecessor-version":[{"id":3290,"href":"https:\/\/www.chiledoc.cl\/en\/wp-json\/wp\/v2\/posts\/3259\/revisions\/3290"}],"wp:attachment":[{"href":"https:\/\/www.chiledoc.cl\/en\/wp-json\/wp\/v2\/media?parent=3259"}],"wp:term":[{"taxonomy":"category","embeddable":true,"href":"https:\/\/www.chiledoc.cl\/en\/wp-json\/wp\/v2\/categories?post=3259"},{"taxonomy":"post_tag","embeddable":true,"href":"https:\/\/www.chiledoc.cl\/en\/wp-json\/wp\/v2\/tags?post=3259"}],"curies":[{"name":"wp","href":"https:\/\/api.w.org\/{rel}","templated":true}]}}