{"id":3350,"date":"2022-06-24T17:14:56","date_gmt":"2022-06-24T21:14:56","guid":{"rendered":"https:\/\/www.chiledoc.cl\/en\/?p=3350"},"modified":"2022-06-24T17:14:56","modified_gmt":"2022-06-24T21:14:56","slug":"chilean-documentary-stands-out-at-sheffield-doc-fest-with-a-world-premiere-and-one-official-selection","status":"publish","type":"post","link":"https:\/\/www.chiledoc.cl\/en\/chilean-documentary-stands-out-at-sheffield-doc-fest-with-a-world-premiere-and-one-official-selection\/","title":{"rendered":"Chilean documentary stands out at Sheffield Doc\/Fest with a world premiere and one official selection"},"content":{"rendered":"<p><strong>\u2022\t<em>Breaking the Brick<\/em>\u2019s premiere,\u202fChicago Boys\u2019s\u202fhighly anticipated sequel is one of Chile\u2019s presence high points at the festival.\u202f <\/strong><\/p>\n<p><strong>\u2022\t<em>Alis<\/em>, recently awarded winner of the Best Iberoamerican Documentary Feature Film award at Guadalajara FIC, will be part of the official selection. <\/strong><\/p>\n<p>Between June 23rd and 28th Sheffield Doc\/Fest\u2019s 29th edition will take place -one of England\u2019s primary appointments for documentaries-with a considerable Chilean presence. On the one hand,\u202fBreaking the Brick, directed by Carola Fuentes and Rafael Valdeavellano, officially selected to be part of the festival\u2019s Rebellions section. Besides,\u202fAlis,\u202fdirected by Nicol\u00e1s van Hemelryck and Clare Weiskopf, produced with Lise Lense, Alexandra Galvis, and Radu Stancu, awarded at Guadalajara\u2019s International Film Festival last edition, has been selected to be part of the People &#038; Community section, as well as the Youth Jury Prize. <\/p>\n<p>\u201cWhen creators have their eyes set on the world and the social processes we live, a more than virtuous encounter between art and what we conceive as reality happens, understanding the point of view is set there. In this context, the work of documentary makers is essential in leaving testimonies, accounting for past and recent history. It is a work put at the service of memory and the observation of ourselves, using that specialized and trained eye to find the textures and crevices of what is being observed. That is why it is important to have showcasing spaces transcending national borders, like the ones Sheffield Doc\/Fest provides, offering opportunities for the materialization of new projects too. We celebrate this delegation\u2019s participation and contribution to national and international documentary cinema\u201d, comments Andrea Guti\u00e9rrez V\u00e1squez, deputy minister for Culture and Arts. <\/p>\n<p>A Chilean delegation composed of national filmmakers and their developing projects will also be part of this important encounter. \u201cFour Chilean producers will be arriving at Sheffield Doc\/Fest looking for new network and business opportunities. At places like this is where the Chilean documentary community becomes stronger and grows internationally\u201d, comments Paula Ossand\u00f3n, Chiledoc\u2019s director, initiative responsible for promoting and publicizing the Chilean documentary sector around the world. <\/p>\n<p><ins datetime=\"2022-06-24T21:11:59+00:00\"><strong>Back to English lands <\/strong><\/ins> <\/p>\n<p>There is no doubt Chile\u2019s participation stands out at this English festival and market\u2019s new edition, partly because of\u202f<em>Breaking the Brick<\/em>\u2019s world premiere, arriving at one of the world&#8217;s most important documentary festivals after a successful journey through international markets. The movie, conceived as a sequel to the\u202f<em>Chicago Boys<\/em>\u202f(2015) documentary, directed and produced by the same team, portrays the process lived in Chile in 2019 when millions of Chileans rose to defy economic theories imposed during the dictatorship.  <\/p>\n<p>It is not the first time\u202f<em>Breaking the Brick<\/em>\u202fhas been present at Sheffield Doc\/Fest, as in 2020, it was selected to be part of its Marketplace. \u201cThat was the first time we spoke about this project in public, and the feedback we got shaped the documentary. Therefore, premiering at Sheffield is pretty symbolic for us\u201d, Carola Fuentes, one of its directors, comments.  <\/p>\n<p>On the other hand,\u202f<em>Alis<\/em>, was recently awarded Best Iberoamerican Feature Documentary Film at Guadalajara&#8217;s FIC last edition, the Cristal Bear for Best Movie in competition at Generation 14plus, and the Teddy Award at the Berl\u00edn International Film Festival 2021, has been selected to be part of the People &#038; Community section and the Youth Jury Prize.\u202fAlis\u202fshows us how a group of female teenagers that lived in Bogot\u00e1\u2019s unsparing streets can project their destinies, breaking off from the violence, even when they were born with no opportunities. <\/p>\n<p>This powerful documentary passed through important international festivals like Berlinale, Bafici, Hot Docs, and Guadalajara FICS last edition, where it was awarded Best Iberoamerican Documentary Feature Film. \u201cIt is an honor to be back at Sheffield Doc\/Fest this year. We are building a powerful and ambitious impact campaign (#AlisExists), allowing the protagonists and many more young people to have the opportunity of achieving their dreams. We hope being in this festival allows us to reach people and institutions that can become allies in this initiative\u201d, mentions Nicol\u00e1s van Hemelryck, one of its directors. <\/p>\n<p><ins datetime=\"2022-06-24T21:11:59+00:00\"><strong>New Chilean voices <\/strong><\/ins><\/p>\n<p>Besides the notorious premiere and official selection, a diversity of nationally produced audiovisual projects part of the Chilean delegation will be present at the festival. <\/p>\n<p><em>Aliy\u00e1, Yerid\u00e1<\/em>\u202fis a feature film project directed by Rafael Guendelman, and produced by Joaqu\u00edn Echeverr\u00eda, where the author investigates, starting from family records, his family\u2019s motivation to emigrate to Israel in the \u201970s, as well as the disappointments that motivated their return to Chile, decades later. \u201cFamily archives and actual records are contrasted to find the tension between personal and historical memory\u201d, Echeverr\u00eda comments.  <\/p>\n<p>On the other hand,\u202f<em>Corrupted<\/em>, directed by Juan Cifuentes Mera, and produced by Joaqu\u00edn Tapia Ross, Rodrigo D\u00edaz, and Margarita Ega\u00f1a arrives at Sheffield Doc\/Fest after premiering at Hot Docs. The documentary short film tells how Andrea tries to rebuild her past in search of her former self after losing her memory because of electroshock therapy. Rodrigo D\u00edaz, one of the producers, mentions, \u201cthe festival has a strong VR content presence, an area we are very much interested in exploring\u201d.\u202f  <\/p>\n<p><em>The Snowy Winter in the South<\/em>,\u202fdirected by Sebasti\u00e1n Vidal Campos, and produced by Sebasti\u00e1n Lavados, is another project that will be part of the market. \u201cIt is very relevant for us to be part of Sheffield, thinking on the work\u2019s future internationalization, bringing it forward to important European documentary market decision-makers is a valuable opportunity, \u00bb says Sebasti\u00e1n Lavados, the producer. The documentary is about a handful of residents inhabiting south of the territory with a cruel and overwhelming nature, where men, women, and children, their packs and cattle, endure loneliness, cold, and the snow threatening to cover everything. <\/p>\n<p>Besides,\u202f<em>A Journey to the Roots<\/em>, directed by Jos\u00e9 Manuel Loyola and produced by Carola Fuentes and Rafael Valdeavellano, tells the story of Ad\u00e1n, who returns to his territory to reconvert its community to the Mapuche spirituality and traditions. \u201cAd\u00e1n opens a regard on the weight of power, the responsibility it takes, and how it can affect its surroundings\u201d, Carola Fuentes, one of the producers, comments. <\/p>\n<p>Lastly,\u202f<em>Chile Estyle<\/em>, directed and produced by Pablo Aravena will be part of the market, looking to network and contact different market agents. The documentary feature project portrays the political muralism phenomenon in Chile, a documentary exploring the past and present of the street arts\u2019 profound tradition, coming from a remix between political muralism and graffiti art, becoming an essential part of Chilean cultural and political life since the 60\u2019s. The result is an entertaining and educational movie with a strong visual impact.  <\/p>\n<p><strong>The delegation at UK\u2019s Sheffield Doc\/Fest is financed by the Ministry of Culture, Arts and Heritage and organized by Chiledoc, Chilean documentary sectorial brand. <\/strong><\/p>\n","protected":false},"excerpt":{"rendered":"<p>\u2022 Breaking the Brick\u2019s premiere,\u202fChicago Boys\u2019s\u202fhighly anticipated sequel is one of Chile\u2019s presence high points at the festival.\u202f \u2022 Alis, recently awarded winner of the Best Iberoamerican Documentary Feature Film award at Guadalajara FIC, will be part of the official selection. Between June 23rd and 28th Sheffield Doc\/Fest\u2019s 29th edition will take place -one of [&hellip;]<\/p>\n","protected":false},"author":4,"featured_media":0,"comment_status":"closed","ping_status":"open","sticky":false,"template":"","format":"standard","meta":[],"categories":[1],"tags":[],"acf":[],"_links":{"self":[{"href":"https:\/\/www.chiledoc.cl\/en\/wp-json\/wp\/v2\/posts\/3350"}],"collection":[{"href":"https:\/\/www.chiledoc.cl\/en\/wp-json\/wp\/v2\/posts"}],"about":[{"href":"https:\/\/www.chiledoc.cl\/en\/wp-json\/wp\/v2\/types\/post"}],"author":[{"embeddable":true,"href":"https:\/\/www.chiledoc.cl\/en\/wp-json\/wp\/v2\/users\/4"}],"replies":[{"embeddable":true,"href":"https:\/\/www.chiledoc.cl\/en\/wp-json\/wp\/v2\/comments?post=3350"}],"version-history":[{"count":1,"href":"https:\/\/www.chiledoc.cl\/en\/wp-json\/wp\/v2\/posts\/3350\/revisions"}],"predecessor-version":[{"id":3351,"href":"https:\/\/www.chiledoc.cl\/en\/wp-json\/wp\/v2\/posts\/3350\/revisions\/3351"}],"wp:attachment":[{"href":"https:\/\/www.chiledoc.cl\/en\/wp-json\/wp\/v2\/media?parent=3350"}],"wp:term":[{"taxonomy":"category","embeddable":true,"href":"https:\/\/www.chiledoc.cl\/en\/wp-json\/wp\/v2\/categories?post=3350"},{"taxonomy":"post_tag","embeddable":true,"href":"https:\/\/www.chiledoc.cl\/en\/wp-json\/wp\/v2\/tags?post=3350"}],"curies":[{"name":"wp","href":"https:\/\/api.w.org\/{rel}","templated":true}]}}