{"id":5175,"date":"2023-10-20T12:02:06","date_gmt":"2023-10-20T15:02:06","guid":{"rendered":"https:\/\/www.chiledoc.cl\/en\/?p=5175"},"modified":"2023-10-20T12:18:14","modified_gmt":"2023-10-20T15:18:14","slug":"france-to-host-a-retrospective-of-ignacio-agueros-work","status":"publish","type":"post","link":"https:\/\/www.chiledoc.cl\/en\/france-to-host-a-retrospective-of-ignacio-agueros-work\/","title":{"rendered":"France to Host a Retrospective of Ignacio Ag\u00fcero&#8217;s Work"},"content":{"rendered":"<p><em><strong>\u2022 To commemorate the 50th anniversary of the civil-military coup in Chile, the association \u00abDocumentaire sur Grand \u00c9cran\u00bb will organize a retrospective and tour with Ignacio Ag\u00fcero in different cities in France as part of the \u00abLe cin\u00e9ma d&#8217;Ignacio Ag\u00fcero, m\u00e9moire d&#8217;une dictature (1973-2023)\u00bb cycle.<\/p>\n<p>\u2022 For two weeks, the work of the renowned Chilean documentary filmmaker will be screened in French theaters, with the director present at each of these showings.<\/strong><\/em><\/p>\n<p>As part of one of the many commemorative events taking place around the world to mark the 50th anniversary of the civil-military coup in Chile, <strong><em>Documentaire Sur Grand \u00c9cran<\/em><\/strong> will host a <strong>retrospective on Ignacio Ag\u00fcero<\/strong>, the documentary filmmaker who brings the country&#8217;s history to life through his unique perspective.<\/p>\n<p><strong>From November 3 to 12<\/strong>, 2023, <strong>Ag\u00fcero will visit different French cities<\/strong>, where he will present six of his documentaries: <em>El Diario de Agust\u00edn (Agustin\u2019s Newspaper)<\/em>, <em>Cien ni\u00f1os esperando un tren (One Hundred Children Waiting for a Train)<\/em>, <em>No olvidar (Not To Forget)<\/em>, <em>Como me da la gana<\/em>, <em>Como me da la gana II<\/em>, and <em>El otro d\u00eda (The Other Day)<\/em>.<\/p>\n<p><strong>Pauline Girardot<\/strong>, the <strong>general delegate of Documentaire Sur Grand \u00c9cran<\/strong>, points out that they decided to organize this exhibition because <em>\u00abtwo years ago, we discovered Cien ni\u00f1os esperando un tren (One Hundred Children Waiting for a Train), and we were deeply impressed by Ignacio Ag\u00fcero&#8217;s work, so we wanted to learn more about him.\u00bb<\/em><\/p>\n<p>For <strong>Ignacio Ag\u00fcero<\/strong>, this tribute reflects on <em>\u00abhow much the French care about what happened in Chile with the Unidad Popular and then with the military coup. I feel that they think the films reflect, in some way, the time and the dramas that unfolded during the dictatorship,\u00bb<\/em> adds the documentary filmmaker.<\/p>\n<p>Regarding the selection of <strong>Ag\u00fcero<\/strong> and these films to commemorate the 50th anniversary of the military coup, <strong>Girardot <\/strong>explains, <em>\u00abAmong his films, six of them addressed the dictatorship in different ways that particularly interested us. We learn that he stayed in Chile throughout the entire dictatorship and continued making films there, in that situation.\u00bb<\/em><\/p>\n<p>When the civil-military coup took place in Chile on September 11, 1973,<strong> Ag\u00fcero was just starting his studies in Architecture and Film<\/strong> at the School of Communication Arts at the Catholic University of Chile.<\/p>\n<p>During the dictatorship, he remained in Santiago, where he filmed movies that reflect on the political history of the country, amplifying the voices of children, widows of disappeared detainees, and filmmakers, among other people who were protagonists of these dark years. <\/p>\n<p>This is not the first time Ag\u00fcero has showcased his work in France. Previously, <strong>he was featured at the Biarritz Festival<\/strong> and exhibited in <strong>Lussas<\/strong>, <strong>Toulouse<\/strong>, <strong>Marsella<\/strong>, and the <strong>Pompidou Center in Paris<\/strong>, also known as the Beaubourg.<\/p>\n<p>For this tour, the documentary filmmaker hopes to \u00abexpand the knowledge that exists in France about my films\u00bb and adds that, from his experience with European audiences,  \u00abmeaningful conversations take place.\u00bb<\/p>\n<p>For <strong>Girardot<\/strong>, it is also clear that the exhibition and Ag\u00fcero&#8217;s presence will raise the interest not only of the Chilean public but also of the large French audience. <em>\u00abSince the military coup, many Chilean people sought refuge in France, and the French have been aware of this situation. We knew that the forums with Ignacio Ag\u00fcero would be received with enthusiasm. That&#8217;s why we organized a tour, in partnership with La Th\u00e8que du Documentaire, to draw attention to Ignacio&#8217;s films and introduce them to the French audience.\u00bb<\/em><\/p>\n<p>In these instances, <strong>Ag\u00fcero<\/strong> faces a challenge when it comes to recounting fragments of Chile&#8217;s history through his documentaries in the international market. <em>\u00abThe conversation shifts from historical aspects to those more related to cinema, in terms of questioning what cinema is, something that I believe is present in all of my films,\u00bb<\/em> the director concludes.<\/p>\n<p><strong>Dates and cities <\/strong><br \/>\n&#8211; November 03, 2023, in Douarnenez<br \/>\n&#8211; November 04, 2023, in Lorient<br \/>\n&#8211; November 5, 2023, on the island of Groix<br \/>\n&#8211; November 06, 2023, in Quimper<br \/>\n&#8211; November 07, 2023, in Paris<br \/>\n&#8211; November 08 and 09, 2023, in Marseille<br \/>\n&#8211; November 10 and 11, 2023, in Amiens<br \/>\n&#8211; November 12, 2023, in Brussels (Belgium)<\/p>\n","protected":false},"excerpt":{"rendered":"<p>\u2022 To commemorate the 50th anniversary of the civil-military coup in Chile, the association \u00abDocumentaire sur Grand \u00c9cran\u00bb will organize a retrospective and tour with Ignacio Ag\u00fcero in different cities in France as part of the \u00abLe cin\u00e9ma d&#8217;Ignacio Ag\u00fcero, m\u00e9moire d&#8217;une dictature (1973-2023)\u00bb cycle. \u2022 For two weeks, the work of the renowned Chilean [&hellip;]<\/p>\n","protected":false},"author":4,"featured_media":0,"comment_status":"closed","ping_status":"open","sticky":false,"template":"","format":"standard","meta":[],"categories":[1],"tags":[],"acf":[],"_links":{"self":[{"href":"https:\/\/www.chiledoc.cl\/en\/wp-json\/wp\/v2\/posts\/5175"}],"collection":[{"href":"https:\/\/www.chiledoc.cl\/en\/wp-json\/wp\/v2\/posts"}],"about":[{"href":"https:\/\/www.chiledoc.cl\/en\/wp-json\/wp\/v2\/types\/post"}],"author":[{"embeddable":true,"href":"https:\/\/www.chiledoc.cl\/en\/wp-json\/wp\/v2\/users\/4"}],"replies":[{"embeddable":true,"href":"https:\/\/www.chiledoc.cl\/en\/wp-json\/wp\/v2\/comments?post=5175"}],"version-history":[{"count":8,"href":"https:\/\/www.chiledoc.cl\/en\/wp-json\/wp\/v2\/posts\/5175\/revisions"}],"predecessor-version":[{"id":5184,"href":"https:\/\/www.chiledoc.cl\/en\/wp-json\/wp\/v2\/posts\/5175\/revisions\/5184"}],"wp:attachment":[{"href":"https:\/\/www.chiledoc.cl\/en\/wp-json\/wp\/v2\/media?parent=5175"}],"wp:term":[{"taxonomy":"category","embeddable":true,"href":"https:\/\/www.chiledoc.cl\/en\/wp-json\/wp\/v2\/categories?post=5175"},{"taxonomy":"post_tag","embeddable":true,"href":"https:\/\/www.chiledoc.cl\/en\/wp-json\/wp\/v2\/tags?post=5175"}],"curies":[{"name":"wp","href":"https:\/\/api.w.org\/{rel}","templated":true}]}}