{"id":5267,"date":"2023-12-27T16:57:17","date_gmt":"2023-12-27T19:57:17","guid":{"rendered":"https:\/\/www.chiledoc.cl\/en\/?p=5267"},"modified":"2023-12-27T16:57:17","modified_gmt":"2023-12-27T19:57:17","slug":"chiledoc-hosted-chileconecta-an-important-documentary-industry-meeting-with-guests-from-all-over-the-world","status":"publish","type":"post","link":"https:\/\/www.chiledoc.cl\/en\/chiledoc-hosted-chileconecta-an-important-documentary-industry-meeting-with-guests-from-all-over-the-world\/","title":{"rendered":"Chiledoc hosted #ChileConecta, an important documentary industry meeting with guests from all over the world."},"content":{"rendered":"<p>\u25cf This year <strong>Chiledoc was one of the financing organizations of Conecta<\/strong>, VIII Meeting of the International Documentary Film Industry.<\/p>\n<p>\u25cf Conecta had <strong>27 countries represented<\/strong>, <strong>46 participating projects<\/strong>, <strong>38 international guests<\/strong>, and <strong>21 Chilean\u00a0guests<\/strong>.<br \/>\nTen projects were awarded, among which 13 awards from our partner organizations and companies were distributed.<\/p>\n<p>\u25cf A total of <strong>14 awards<\/strong> were given to projects from <strong>Peru<\/strong>, <strong>Argentina<\/strong>, <strong>Brazil<\/strong>,<strong> Japan<\/strong>, <strong>Ecuador<\/strong> and <strong>Chile<\/strong>.<\/p>\n<p>\u25cf <strong>Over 500 meetings<\/strong> were held, establishing connections with industry representatives from <strong>America<\/strong>, <strong>Europe<\/strong>, and <strong>Asia<\/strong>.<\/p>\n<p>\u25cf For the <strong>second time in Latin America<\/strong>, <strong>The Whickers<\/strong> Prize, consisting of \u00a33,000, was awarded. This time, it went to the <strong>Brazilian-Japanese<\/strong> project <strong><em>Green Kids<\/em><\/strong>, directed by Pedro Nishi and produced by Jo\u00e3o Pedro Bim and Lucas Silva Campos.<\/p>\n<p>Conecta has positioned itself in the region as a seedbed for <strong>new talents<\/strong> and <strong>projects in development<\/strong>. One of its objectives as an industry meeting is to be a space dedicated to <strong>promote the commercialization<\/strong> and <strong>distribution<\/strong> of <strong>Latin American projects<\/strong>, and <strong>contact them with the world<\/strong>.<\/p>\n<p><strong>Diego Pino<\/strong>, <strong>Executive Director of CCDoc<\/strong>, points out that <em>\u00abThis year we would particularly like to thank the representatives of the Latin American projects that participated in Conecta, because through their different perspectives and diversity of languages, they came to the meeting, not only to connect with the industry, but also in the spirit of generating networks to strengthen the documentary community. It was also a search for identity, belonging and, in addition, a reflection on the problems that afflict the continent. We hope that the ties forged during Conecta will foster a sustainable relationship over time\u00bb.<\/em><\/p>\n<p><img decoding=\"async\" loading=\"lazy\" src=\"https:\/\/www.chiledoc.cl\/en\/wp-content\/uploads\/2023\/12\/Quien-es-quien_59-1-scaled.jpg\" alt=\"\" width=\"2560\" height=\"1519\" class=\"alignleft size-full wp-image-5270\" srcset=\"https:\/\/www.chiledoc.cl\/en\/wp-content\/uploads\/2023\/12\/Quien-es-quien_59-1-scaled.jpg 2560w, https:\/\/www.chiledoc.cl\/en\/wp-content\/uploads\/2023\/12\/Quien-es-quien_59-1-300x178.jpg 300w, https:\/\/www.chiledoc.cl\/en\/wp-content\/uploads\/2023\/12\/Quien-es-quien_59-1-1024x608.jpg 1024w, https:\/\/www.chiledoc.cl\/en\/wp-content\/uploads\/2023\/12\/Quien-es-quien_59-1-768x456.jpg 768w, https:\/\/www.chiledoc.cl\/en\/wp-content\/uploads\/2023\/12\/Quien-es-quien_59-1-1536x911.jpg 1536w, https:\/\/www.chiledoc.cl\/en\/wp-content\/uploads\/2023\/12\/Quien-es-quien_59-1-2048x1215.jpg 2048w\" sizes=\"(max-width: 2560px) 100vw, 2560px\" \/><br \/>\n<em>International guests, along with the Chilean Documentary Corporation (CCDoc) board of directors.<\/em><\/p>\n<p><strong>\ud83c\udfac The award-winning projects are \ud83c\udfac<\/strong><\/p>\n<p><strong>\ud83c\udfc6Special Jury Mention of the FIDOCS First Cut Award<\/strong><br \/>\n<em>(For projects selected for the Docs in Progress Fidocs + Conecta)<\/em><br \/>\n<em><strong>\u2728 Mailin<\/strong><\/em><br \/>\nArgentina<br \/>\nDir. Mar\u00eda Silvia Esteve<br \/>\nProd. Mar\u00eda Silvia Esteve and Alejandra L\u00f3pez<\/p>\n<p><strong>\ud83c\udfc6 Winner of the FIDOCS First Cut Award<\/strong><br \/>\n<em>(For projects selected in the Docs in Progress Fidocs + Conecta)<\/em><br \/>\n<strong><em>\u2728 Searching for the other<br \/>\n\u2728 La b\u00fasqueda del otro<\/em><\/strong><br \/>\nChile<br \/>\nDir. Cons Gallardo<br \/>\nProd. Esteban Sandoval<\/p>\n<p><strong>\ud83c\udfc6 THE WHICKERS AWARD<\/strong><br \/>\n<em><strong>\u2728 Green Kids<\/strong><\/em><br \/>\nBrazil, Japan<br \/>\nDir. Pedri Nishi<br \/>\nProd. Jo\u00e3o Pedro Bim and Lucas Silva Campos<\/p>\n<p><strong>\ud83c\udfc6CANNES DOCS AWARD<\/strong><br \/>\n<em><strong>\u2728 Searching For the Other<br \/>\n\u2728 La b\u00fasqueda del otro<\/strong><\/em><br \/>\nChile<br \/>\nDir. Cons Gallardo<br \/>\nProd. Esteban Sandoval<\/p>\n<p><strong>\ud83c\udfc6 MEDIOCIELO AWARD<\/strong><br \/>\n<em><strong>\u2728 Thus Spoke the Mountains<br \/>\n\u2728 Donde hablan las monta\u00f1as<\/strong><\/em><br \/>\nPer\u00fa, Chile<br \/>\nDir. \u00c1lvaro Sarmiento<br \/>\nProd. Diego Sarmiento and Juan Francisco Gonz\u00e1lez<\/p>\n<p><strong>\ud83c\udfc6 CINETECA NACIONAL DE CHILE AWARD<\/strong><br \/>\n<em><strong>\u2728 Good Morning, Wiraqocha<br \/>\n\u2728 Buenos d\u00edas, Wiraqocha<\/strong><\/em><br \/>\nPer\u00fa<br \/>\nDir. Mauricio Godoy<br \/>\nProd. Illari Orccottoma, Paula Ch\u00e1vez L\u00f3pez, Mauricio Godoy<\/p>\n<p><strong>\ud83c\udfc6DOCMONTEVIDEO AWARD<\/strong><br \/>\n<strong><em>\u2728 Green Kids<\/em><\/strong><br \/>\nBrasil, Jap\u00f3n<br \/>\nDir. Pedri Nishi<br \/>\nProd. Jo\u00e3o Pedro Bim y Lucas Silva Campos<\/p>\n<p><strong>\ud83c\udfc6R2MEDIA AWARD<\/strong><br \/>\n<em><strong>\u2728 Walacha<\/strong><\/em><br \/>\nPer\u00fa<br \/>\nDir. Guadalupe Cuba<br \/>\nProd. Marco Panatonic<\/p>\n<p><strong>\ud83c\udfc6SHEFFIELD DOC\/FEST AWARD<\/strong><br \/>\n<strong><em>\u2728 The Last Block<br \/>\n\u2728 La \u00faltima cuadra<\/em><\/strong><br \/>\nPer\u00fa<br \/>\nDir. Karoline Pelikan<br \/>\nProd. Karito De Negri, Karoline Pelikan<\/p>\n<p><strong>\ud83c\udfc6BOLIVIA LAB AWARD<\/strong><br \/>\n<em><strong>\u2728 On The Way Home<br \/>\n\u2728 En el camino a casa<\/strong><\/em><br \/>\nChile<br \/>\nDir. Paola Campos<br \/>\nProd. Vicente Barros<\/p>\n<p><strong>\ud83c\udfc6DOCSMX AWARD<\/strong><br \/>\n<em><strong>\u2728 Turn Off the Radio!<br \/>\n\u2728 \u00a1Apaguen la radio! \u00a1Radiota Apagay!<\/strong><\/em><br \/>\nEcuador<br \/>\nDir. Jaqueline Aimaca\u00f1a<br \/>\nProd. Jaqueline Aimaca\u00f1a, David Lasso<\/p>\n<p><strong>\ud83c\udfc6 DOCSP AWARD<\/strong><br \/>\n<em><strong>\u2728 Br\u00fccher. Unaudited Botanical Chronicle<br \/>\n\u2728 Br\u00fccher. Cr\u00f3nica Bot\u00e1nica Inaudita<\/strong><\/em><br \/>\nArgentina<br \/>\nDir. Mariana Elena Guzzante, Camila Men\u00e9ndez<br \/>\nProd. Silvana D\u00edaz Coppoletta<\/p>\n<p><strong>\ud83c\udfc6ADOC AWARD<\/strong><br \/>\n<em><strong>\u2728 Turn off the Radio!<br \/>\n\u2728 \u00a1Apaguen la radio! \u2013 \u00a1Radiota apagay!<\/strong><\/em><br \/>\nEcuador<br \/>\nDir. Jacqueline Aimaca\u00f1a<br \/>\nProd. Jacqueline Aimaca\u00f1a, David Lasso<\/p>\n<p><img decoding=\"async\" loading=\"lazy\" src=\"https:\/\/www.chiledoc.cl\/en\/wp-content\/uploads\/2023\/12\/Clausura-y-Premiacion_71-scaled.jpg\" alt=\"\" width=\"2560\" height=\"1707\" class=\"alignleft size-full wp-image-5268\" srcset=\"https:\/\/www.chiledoc.cl\/en\/wp-content\/uploads\/2023\/12\/Clausura-y-Premiacion_71-scaled.jpg 2560w, https:\/\/www.chiledoc.cl\/en\/wp-content\/uploads\/2023\/12\/Clausura-y-Premiacion_71-300x200.jpg 300w, https:\/\/www.chiledoc.cl\/en\/wp-content\/uploads\/2023\/12\/Clausura-y-Premiacion_71-1024x683.jpg 1024w, https:\/\/www.chiledoc.cl\/en\/wp-content\/uploads\/2023\/12\/Clausura-y-Premiacion_71-768x512.jpg 768w, https:\/\/www.chiledoc.cl\/en\/wp-content\/uploads\/2023\/12\/Clausura-y-Premiacion_71-1536x1024.jpg 1536w, https:\/\/www.chiledoc.cl\/en\/wp-content\/uploads\/2023\/12\/Clausura-y-Premiacion_71-2048x1365.jpg 2048w\" sizes=\"(max-width: 2560px) 100vw, 2560px\" \/><br \/>\n<em>REPRESENTATIVES OF THE AWARD WINNING PROJECTS<\/em><\/p>\n<p><a href=\"https:\/\/www.chiledoc.cl\/en\/wp-content\/uploads\/2023\/12\/CATALOGO-CONECTA-2023.pdf\">Discover more about projects at Conecta 2023<\/a><\/p>\n","protected":false},"excerpt":{"rendered":"<p>\u25cf This year Chiledoc was one of the financing organizations of Conecta, VIII Meeting of the International Documentary Film Industry. \u25cf Conecta had 27 countries represented, 46 participating projects, 38 international guests, and 21 Chilean\u00a0guests. Ten projects were awarded, among which 13 awards from our partner organizations and companies were distributed. \u25cf A total of [&hellip;]<\/p>\n","protected":false},"author":4,"featured_media":0,"comment_status":"closed","ping_status":"open","sticky":false,"template":"","format":"standard","meta":[],"categories":[1],"tags":[],"acf":[],"_links":{"self":[{"href":"https:\/\/www.chiledoc.cl\/en\/wp-json\/wp\/v2\/posts\/5267"}],"collection":[{"href":"https:\/\/www.chiledoc.cl\/en\/wp-json\/wp\/v2\/posts"}],"about":[{"href":"https:\/\/www.chiledoc.cl\/en\/wp-json\/wp\/v2\/types\/post"}],"author":[{"embeddable":true,"href":"https:\/\/www.chiledoc.cl\/en\/wp-json\/wp\/v2\/users\/4"}],"replies":[{"embeddable":true,"href":"https:\/\/www.chiledoc.cl\/en\/wp-json\/wp\/v2\/comments?post=5267"}],"version-history":[{"count":1,"href":"https:\/\/www.chiledoc.cl\/en\/wp-json\/wp\/v2\/posts\/5267\/revisions"}],"predecessor-version":[{"id":5271,"href":"https:\/\/www.chiledoc.cl\/en\/wp-json\/wp\/v2\/posts\/5267\/revisions\/5271"}],"wp:attachment":[{"href":"https:\/\/www.chiledoc.cl\/en\/wp-json\/wp\/v2\/media?parent=5267"}],"wp:term":[{"taxonomy":"category","embeddable":true,"href":"https:\/\/www.chiledoc.cl\/en\/wp-json\/wp\/v2\/categories?post=5267"},{"taxonomy":"post_tag","embeddable":true,"href":"https:\/\/www.chiledoc.cl\/en\/wp-json\/wp\/v2\/tags?post=5267"}],"curies":[{"name":"wp","href":"https:\/\/api.w.org\/{rel}","templated":true}]}}